{"id":1267,"date":"2020-08-07T13:55:15","date_gmt":"2020-08-07T13:55:15","guid":{"rendered":"https:\/\/policia.edu.co\/memoria\/?p=1267"},"modified":"2020-08-07T14:48:10","modified_gmt":"2020-08-07T14:48:10","slug":"cuadernillo21","status":"publish","type":"post","link":"https:\/\/policia.edu.co\/memoria\/index.php\/2020\/08\/07\/cuadernillo21\/","title":{"rendered":"cuadernillo21"},"content":{"rendered":"[vc_row type=\u00bbfull_width_background\u00bb full_screen_row_position=\u00bbmiddle\u00bb bg_image=\u00bbhttps:\/\/source.unsplash.com\/_q5H19c-VwU\u00bb bg_position=\u00bbleft top\u00bb bg_repeat=\u00bbno-repeat\u00bb parallax_bg=\u00bbtrue\u00bb parallax_bg_speed=\u00bbfast\u00bb bg_color=\u00bb#333333&#8243; scene_position=\u00bbcenter\u00bb video_bg=\u00bbuse_video\u00bb video_mute=\u00bbtrue\u00bb text_color=\u00bblight\u00bb text_align=\u00bbleft\u00bb top_padding=\u00bb13%\u00bb bottom_padding=\u00bb13%\u00bb color_overlay=\u00bb#0a0a0a\u00bb overlay_strength=\u00bb0.5&#8243; shape_divider_position=\u00bbbottom\u00bb][vc_column column_padding=\u00bbno-extra-padding\u00bb column_padding_position=\u00bball\u00bb background_color_opacity=\u00bb1&#8243; background_hover_color_opacity=\u00bb1&#8243; column_shadow=\u00bbnone\u00bb column_border_radius=\u00bbnone\u00bb width=\u00bb1\/2&#8243; tablet_text_alignment=\u00bbdefault\u00bb phone_text_alignment=\u00bbdefault\u00bb column_border_width=\u00bbnone\u00bb column_border_style=\u00bbsolid\u00bb]<div class=\"img-with-aniamtion-wrap \" data-max-width=\"100%\" data-border-radius=\"none\"><div class=\"inner\"><img data-shadow=\"none\" data-shadow-direction=\"middle\" class=\"img-with-animation \" data-delay=\"0\" height=\"200\" width=\"335\" data-animation=\"fade-in\" src=\"https:\/\/policia.edu.co\/memoria\/wp-content\/uploads\/2020\/04\/academia.jpg\" srcset=\"https:\/\/policia.edu.co\/memoria\/wp-content\/uploads\/2020\/04\/academia.jpg 335w, https:\/\/policia.edu.co\/memoria\/wp-content\/uploads\/2020\/04\/academia-300x179.jpg 300w\" sizes=\"100vw\" alt=\"\" \/><\/div><\/div>[\/vc_column][vc_column column_padding=\u00bbno-extra-padding\u00bb column_padding_position=\u00bball\u00bb background_color_opacity=\u00bb1&#8243; background_hover_color_opacity=\u00bb1&#8243; column_shadow=\u00bbnone\u00bb column_border_radius=\u00bbnone\u00bb width=\u00bb1\/2&#8243; tablet_text_alignment=\u00bbdefault\u00bb phone_text_alignment=\u00bbdefault\u00bb column_border_width=\u00bbnone\u00bb column_border_style=\u00bbsolid\u00bb][split_line_heading]\n<h2>Cuaderno Hist\u00f3rico No. 21 Historias memorables de la Academia Colombiana de Historia Policial<\/h2>\n[\/split_line_heading][vc_row_inner column_margin=\u00bbdefault\u00bb text_align=\u00bbleft\u00bb][vc_column_inner enable_animation=\u00bbtrue\u00bb animation=\u00bbfade-in-from-bottom\u00bb column_padding=\u00bbno-extra-padding\u00bb column_padding_position=\u00bball\u00bb background_color_opacity=\u00bb1&#8243; background_hover_color_opacity=\u00bb1&#8243; column_shadow=\u00bbnone\u00bb column_border_radius=\u00bbnone\u00bb width=\u00bb5\/6&#8243; column_border_width=\u00bbnone\u00bb column_border_style=\u00bbsolid\u00bb delay=\u00bb300&#8243;][vc_custom_heading text=\u00bbHistorias, hechos y homenajes\u2026<\/p>\n<p>Un nuevo a\u00f1o acad\u00e9mico (junio 2013 a mayo 2014) registra una serie de actividades que nuestra Corporaci\u00f3n desarrolla en cumplimiento de los prop\u00f3sitos que nos hemos impuesto como compromiso institucional, en el sentido de divulgar los contecimientos tanto de las unidades como los personajes de la vida policial.<\/p>\n<p>La Academia Colombiana de Historia Policial hizo presencia en la Escuela Nacional de Carabineros con una sesi\u00f3n en la cual intervinieron el general Miguel Antonio G\u00f3mez Padilla, el teniente coronel Jos\u00e9 Alberto Peroza Arteaga y el coronel Germ\u00e1n Bulla Quintana; este \u00faltimo, fue recibido como Miembro Correspondiente.<\/p>\n<p>Para cerrar el a\u00f1o acad\u00e9mico, se llev\u00f3 a cabo el homenaje a la Escuela de Cadetes y como orador fue designado nuestro acad\u00e9mico teniente coronel Marco Aurelio Forero Quintero quien pronunci\u00f3 su discurso de orden \u201cEscuela de Cadetes de Polic\u00eda General Francisco de Paula Santander, baluarte institucional\u201d. En la misma sesi\u00f3n el coronel Gonzalo Ricardo Londo\u00f1o Portela (Director del Instituto) fue recibido como Miembro Honorario y disert\u00f3 sobre \u201cEntre la historia escrita y la historia vivida\u201d.<br \/>\nComo siempre, esperamos que esta edici\u00f3n sea del agrado de nuestros lectores&#8230;\u201d<br \/>\n\u00bb font_container=\u00bbtag:p|text_align:left|color:rgba(255%2C255%2C255%2C0.7)\u00bb use_theme_fonts=\u00bbyes\u00bb][\/vc_column_inner][\/vc_row_inner][nectar_btn size=\u00bbsmall\u00bb open_new_tab=\u00bbtrue\u00bb button_style=\u00bbregular\u00bb button_color_2=\u00bbAccent-Color\u00bb icon_family=\u00bbnone\u00bb url=\u00bbhttps:\/\/policia.edu.co\/memoria\/wp-content\/uploads\/2020\/08\/CUADERNILLO21.pdf\u00bb text=\u00bbDescargar PDF\u00bb][\/vc_column][\/vc_row]\n","protected":false},"excerpt":{"rendered":"<p>[vc_row type=\u00bbfull_width_background\u00bb full_screen_row_position=\u00bbmiddle\u00bb bg_image=\u00bbhttps:\/\/source.unsplash.com\/_q5H19c-VwU\u00bb bg_position=\u00bbleft top\u00bb bg_repeat=\u00bbno-repeat\u00bb parallax_bg=\u00bbtrue\u00bb parallax_bg_speed=\u00bbfast\u00bb bg_color=\u00bb#333333&#8243; scene_position=\u00bbcenter\u00bb video_bg=\u00bbuse_video\u00bb video_mute=\u00bbtrue\u00bb text_color=\u00bblight\u00bb text_align=\u00bbleft\u00bb top_padding=\u00bb13%\u00bb bottom_padding=\u00bb13%\u00bb color_overlay=\u00bb#0a0a0a\u00bb overlay_strength=\u00bb0.5&#8243; shape_divider_position=\u00bbbottom\u00bb][vc_column column_padding=\u00bbno-extra-padding\u00bb column_padding_position=\u00bball\u00bb background_color_opacity=\u00bb1&#8243; background_hover_color_opacity=\u00bb1&#8243; column_shadow=\u00bbnone\u00bb column_border_radius=\u00bbnone\u00bb width=\u00bb1\/2&#8243; tablet_text_alignment=\u00bbdefault\u00bb phone_text_alignment=\u00bbdefault\u00bb column_border_width=\u00bbnone\u00bb&#8230;<\/p>\n","protected":false},"author":2,"featured_media":0,"comment_status":"closed","ping_status":"closed","sticky":false,"template":"","format":"standard","meta":[],"categories":[41],"tags":[],"_links":{"self":[{"href":"https:\/\/policia.edu.co\/memoria\/index.php\/wp-json\/wp\/v2\/posts\/1267"}],"collection":[{"href":"https:\/\/policia.edu.co\/memoria\/index.php\/wp-json\/wp\/v2\/posts"}],"about":[{"href":"https:\/\/policia.edu.co\/memoria\/index.php\/wp-json\/wp\/v2\/types\/post"}],"author":[{"embeddable":true,"href":"https:\/\/policia.edu.co\/memoria\/index.php\/wp-json\/wp\/v2\/users\/2"}],"replies":[{"embeddable":true,"href":"https:\/\/policia.edu.co\/memoria\/index.php\/wp-json\/wp\/v2\/comments?post=1267"}],"version-history":[{"count":1,"href":"https:\/\/policia.edu.co\/memoria\/index.php\/wp-json\/wp\/v2\/posts\/1267\/revisions"}],"predecessor-version":[{"id":1268,"href":"https:\/\/policia.edu.co\/memoria\/index.php\/wp-json\/wp\/v2\/posts\/1267\/revisions\/1268"}],"wp:attachment":[{"href":"https:\/\/policia.edu.co\/memoria\/index.php\/wp-json\/wp\/v2\/media?parent=1267"}],"wp:term":[{"taxonomy":"category","embeddable":true,"href":"https:\/\/policia.edu.co\/memoria\/index.php\/wp-json\/wp\/v2\/categories?post=1267"},{"taxonomy":"post_tag","embeddable":true,"href":"https:\/\/policia.edu.co\/memoria\/index.php\/wp-json\/wp\/v2\/tags?post=1267"}],"curies":[{"name":"wp","href":"https:\/\/api.w.org\/{rel}","templated":true}]}}