{"id":2277,"date":"2024-10-11T20:22:13","date_gmt":"2024-10-11T20:22:13","guid":{"rendered":"https:\/\/policia.edu.co\/memoria\/?p=2277"},"modified":"2024-10-11T20:31:28","modified_gmt":"2024-10-11T20:31:28","slug":"edificadores-de-paz","status":"publish","type":"post","link":"https:\/\/policia.edu.co\/memoria\/index.php\/2024\/10\/11\/edificadores-de-paz\/","title":{"rendered":"Edificadores de Paz"},"content":{"rendered":"[vc_row type=\u00bbin_container\u00bb full_screen_row_position=\u00bbmiddle\u00bb scene_position=\u00bbcenter\u00bb text_color=\u00bbdark\u00bb text_align=\u00bbleft\u00bb overlay_strength=\u00bb0.3&#8243; shape_divider_position=\u00bbbottom\u00bb][vc_column column_padding=\u00bbno-extra-padding\u00bb column_padding_position=\u00bball\u00bb background_color_opacity=\u00bb1&#8243; background_hover_color_opacity=\u00bb1&#8243; column_shadow=\u00bbnone\u00bb column_border_radius=\u00bbnone\u00bb width=\u00bb1\/1&#8243; tablet_text_alignment=\u00bbdefault\u00bb phone_text_alignment=\u00bbdefault\u00bb column_border_width=\u00bbnone\u00bb column_border_style=\u00bbsolid\u00bb]<div class=\"divider-wrap\"><div style=\"height: 25px;\" class=\"divider\"><\/div><\/div>[\/vc_column][\/vc_row][vc_row type=\u00bbin_container\u00bb full_screen_row_position=\u00bbmiddle\u00bb scene_position=\u00bbcenter\u00bb text_color=\u00bbdark\u00bb text_align=\u00bbleft\u00bb overlay_strength=\u00bb0.3&#8243; shape_divider_position=\u00bbbottom\u00bb][vc_column column_padding=\u00bbno-extra-padding\u00bb column_padding_position=\u00bball\u00bb background_color_opacity=\u00bb1&#8243; background_hover_color_opacity=\u00bb1&#8243; column_shadow=\u00bbnone\u00bb column_border_radius=\u00bbnone\u00bb width=\u00bb1\/2&#8243; tablet_text_alignment=\u00bbdefault\u00bb phone_text_alignment=\u00bbdefault\u00bb column_border_width=\u00bbnone\u00bb column_border_style=\u00bbsolid\u00bb]<div class=\"img-with-aniamtion-wrap \" data-max-width=\"100%\" data-border-radius=\"none\"><div class=\"inner\"><img data-shadow=\"none\" data-shadow-direction=\"middle\" class=\"img-with-animation \" data-delay=\"0\" height=\"758\" width=\"1064\" data-animation=\"fade-in\" src=\"https:\/\/policia.edu.co\/memoria\/wp-content\/uploads\/2021\/07\/edificadores-de-paz.png\" srcset=\"https:\/\/policia.edu.co\/memoria\/wp-content\/uploads\/2021\/07\/edificadores-de-paz.png 1064w, https:\/\/policia.edu.co\/memoria\/wp-content\/uploads\/2021\/07\/edificadores-de-paz-300x214.png 300w, https:\/\/policia.edu.co\/memoria\/wp-content\/uploads\/2021\/07\/edificadores-de-paz-1024x730.png 1024w, https:\/\/policia.edu.co\/memoria\/wp-content\/uploads\/2021\/07\/edificadores-de-paz-768x547.png 768w\" sizes=\"100vw\" alt=\"\" \/><\/div><\/div>[\/vc_column][vc_column column_padding=\u00bbno-extra-padding\u00bb column_padding_position=\u00bball\u00bb background_color_opacity=\u00bb1&#8243; background_hover_color_opacity=\u00bb1&#8243; column_shadow=\u00bbnone\u00bb column_border_radius=\u00bbnone\u00bb width=\u00bb1\/2&#8243; tablet_text_alignment=\u00bbdefault\u00bb phone_text_alignment=\u00bbdefault\u00bb column_border_width=\u00bbnone\u00bb column_border_style=\u00bbsolid\u00bb][split_line_heading]\n<h2>Edificadores de Paz<\/h2>\n[\/split_line_heading][vc_custom_heading text=\u00bbEsta obra se enriquece a partir de los relatos, testimonios y vivencias de los familiares de las v\u00edctimas e integrantes de la Instituci\u00f3n que aportaron en esta construcci\u00f3n narrativa. Valientes polic\u00edas han tomado un camino dif\u00edcil y cuyas cuestas empinadas llevan a la cima bordeando siempre el profundo abismo que sugiere un temprano fin. En este relato hay una transversalidad, la parte humana de cada uniformado, como sociedad, debemos reflexionar a cerca del trato y la calificaci\u00f3n de las personas que est\u00e1n detr\u00e1s del traje verde aceituna. Edificadores de Paz, se convierte en un valioso documento de la Polic\u00eda Nacional para el pa\u00eds en una etapa compleja de renacimiento, de perd\u00f3n de caminar hacia la justicia. \u00bb font_container=\u00bbtag:p|text_align:left|color:%23000000&#8243; use_theme_fonts=\u00bbyes\u00bb][nectar_btn size=\u00bbsmall\u00bb open_new_tab=\u00bbtrue\u00bb button_style=\u00bbregular\u00bb button_color_2=\u00bbAccent-Color\u00bb icon_family=\u00bbnone\u00bb url=\u00bbhttps:\/\/policia.edu.co\/memoria\/wp-content\/uploads\/2021\/07\/Edificadores-de-Paz.pdf \u00bb text=\u00bbDescargar PDF\u00bb][\/vc_column][\/vc_row]\n","protected":false},"excerpt":{"rendered":"<p>[vc_row type=\u00bbin_container\u00bb full_screen_row_position=\u00bbmiddle\u00bb scene_position=\u00bbcenter\u00bb text_color=\u00bbdark\u00bb text_align=\u00bbleft\u00bb overlay_strength=\u00bb0.3&#8243; shape_divider_position=\u00bbbottom\u00bb][vc_column column_padding=\u00bbno-extra-padding\u00bb column_padding_position=\u00bball\u00bb background_color_opacity=\u00bb1&#8243; background_hover_color_opacity=\u00bb1&#8243; column_shadow=\u00bbnone\u00bb column_border_radius=\u00bbnone\u00bb width=\u00bb1\/1&#8243; tablet_text_alignment=\u00bbdefault\u00bb phone_text_alignment=\u00bbdefault\u00bb column_border_width=\u00bbnone\u00bb column_border_style=\u00bbsolid\u00bb][\/vc_column][\/vc_row][vc_row type=\u00bbin_container\u00bb full_screen_row_position=\u00bbmiddle\u00bb scene_position=\u00bbcenter\u00bb text_color=\u00bbdark\u00bb text_align=\u00bbleft\u00bb overlay_strength=\u00bb0.3&#8243; shape_divider_position=\u00bbbottom\u00bb][vc_column column_padding=\u00bbno-extra-padding\u00bb column_padding_position=\u00bball\u00bb background_color_opacity=\u00bb1&#8243; background_hover_color_opacity=\u00bb1&#8243;&#8230;<\/p>\n","protected":false},"author":2,"featured_media":0,"comment_status":"closed","ping_status":"closed","sticky":false,"template":"","format":"standard","meta":[],"categories":[1],"tags":[],"_links":{"self":[{"href":"https:\/\/policia.edu.co\/memoria\/index.php\/wp-json\/wp\/v2\/posts\/2277"}],"collection":[{"href":"https:\/\/policia.edu.co\/memoria\/index.php\/wp-json\/wp\/v2\/posts"}],"about":[{"href":"https:\/\/policia.edu.co\/memoria\/index.php\/wp-json\/wp\/v2\/types\/post"}],"author":[{"embeddable":true,"href":"https:\/\/policia.edu.co\/memoria\/index.php\/wp-json\/wp\/v2\/users\/2"}],"replies":[{"embeddable":true,"href":"https:\/\/policia.edu.co\/memoria\/index.php\/wp-json\/wp\/v2\/comments?post=2277"}],"version-history":[{"count":6,"href":"https:\/\/policia.edu.co\/memoria\/index.php\/wp-json\/wp\/v2\/posts\/2277\/revisions"}],"predecessor-version":[{"id":2280,"href":"https:\/\/policia.edu.co\/memoria\/index.php\/wp-json\/wp\/v2\/posts\/2277\/revisions\/2280"}],"wp:attachment":[{"href":"https:\/\/policia.edu.co\/memoria\/index.php\/wp-json\/wp\/v2\/media?parent=2277"}],"wp:term":[{"taxonomy":"category","embeddable":true,"href":"https:\/\/policia.edu.co\/memoria\/index.php\/wp-json\/wp\/v2\/categories?post=2277"},{"taxonomy":"post_tag","embeddable":true,"href":"https:\/\/policia.edu.co\/memoria\/index.php\/wp-json\/wp\/v2\/tags?post=2277"}],"curies":[{"name":"wp","href":"https:\/\/api.w.org\/{rel}","templated":true}]}}