{"id":734,"date":"2020-06-09T16:16:07","date_gmt":"2020-06-09T16:16:07","guid":{"rendered":"https:\/\/policia.edu.co\/memoria\/?p=734"},"modified":"2020-07-01T21:09:21","modified_gmt":"2020-07-01T21:09:21","slug":"edificadores","status":"publish","type":"post","link":"https:\/\/policia.edu.co\/memoria\/index.php\/2020\/06\/09\/edificadores\/","title":{"rendered":"Edificadores"},"content":{"rendered":"[vc_row type=\u00bbfull_width_background\u00bb full_screen_row_position=\u00bbmiddle\u00bb bg_color=\u00bb#161616&#8243; scene_position=\u00bbcenter\u00bb text_color=\u00bblight\u00bb text_align=\u00bbleft\u00bb top_padding=\u00bb12%\u00bb bottom_padding=\u00bb12%\u00bb overlay_strength=\u00bb0.3&#8243; shape_divider_position=\u00bbbottom\u00bb][vc_column column_padding=\u00bbpadding-4-percent\u00bb column_padding_position=\u00bbbottom\u00bb background_color_opacity=\u00bb1&#8243; background_hover_color_opacity=\u00bb1&#8243; column_shadow=\u00bbnone\u00bb column_border_radius=\u00bbnone\u00bb width=\u00bb2\/3&#8243; tablet_text_alignment=\u00bbdefault\u00bb phone_text_alignment=\u00bbdefault\u00bb column_border_width=\u00bbnone\u00bb column_border_style=\u00bbsolid\u00bb offset=\u00bbvc_col-lg-8 vc_col-md-8 vc_col-xs-12&#8243;][vc_row_inner column_margin=\u00bbdefault\u00bb text_align=\u00bbleft\u00bb][vc_column_inner enable_animation=\u00bbtrue\u00bb animation=\u00bbfade-in-from-bottom\u00bb column_padding=\u00bbno-extra-padding\u00bb column_padding_position=\u00bball\u00bb background_color_opacity=\u00bb1&#8243; background_hover_color_opacity=\u00bb1&#8243; column_shadow=\u00bbnone\u00bb column_border_radius=\u00bbnone\u00bb width=\u00bb1\/1&#8243; column_border_width=\u00bbnone\u00bb column_border_style=\u00bbsolid\u00bb][vc_column_text max_width=\u00bb600&#8243; css=\u00bb.vc_custom_1591794810067{margin-bottom: 30px !important;}\u00bb]\n<h2 class=\"entry-title\">Un adi\u00f3s a dos edificadores de paz en el departamento del\u00a0Meta<\/h2>\n[\/vc_column_text][vc_custom_heading text=\u00bbEdificadores de paz, constructores de tejido social, entre otros, son los calificativos con que se conocen a los polic\u00edas que integran la Unidad B\u00e1sica de Carabineros \u2013 UBICAR, de la Unidad Policial para la Edificaci\u00f3n de la Paz \u2013 UNIPEP, que trabajan a nivel nacional en los Espacios Territoriales de Capacitaci\u00f3n y Reincorporaci\u00f3n \u2013 ETCR.<\/p>\n<p>El subintendente Leonardo Guti\u00e9rrez Gonz\u00e1lez, de 36 a\u00f1os de edad y el patrullero \u00c1lvaro Villacorte Salazar, de 22 a\u00f1os de edad, con catorce y dos a\u00f1os de servicio en la instituci\u00f3n respectivamente, se caracterizaban por su altruismo, liderazgo y entrega a la comunidad, por ser puentes de comunicaci\u00f3n entre la poblaci\u00f3n de la Macarena-Yar\u00ed en el departamento del Meta y las instituciones estatales y fueron mediadores en la soluci\u00f3n pac\u00edfica de conflictos para la convivencia.\u00bb font_container=\u00bbtag:p|text_align:left|color:%23828282&#8243; use_theme_fonts=\u00bbyes\u00bb css_animation=\u00bbnone\u00bb css=\u00bb.vc_custom_1591794833818{padding-right: 10% !important;}\u00bb]<div class=\"img-with-aniamtion-wrap \" data-max-width=\"100%\" data-border-radius=\"none\"><div class=\"inner\"><a href=\"https:\/\/policia.edu.co\/memoria\/wp-content\/uploads\/2020\/06\/si-leonardo-gutierrez-1.jpg\" class=\"pp \"><img data-shadow=\"none\" data-shadow-direction=\"middle\" class=\"img-with-animation \" data-delay=\"0\" height=\"218\" width=\"524\" data-animation=\"fade-in\" src=\"https:\/\/policia.edu.co\/memoria\/wp-content\/uploads\/2020\/06\/si-leonardo-gutierrez-1.jpg\" srcset=\"https:\/\/policia.edu.co\/memoria\/wp-content\/uploads\/2020\/06\/si-leonardo-gutierrez-1.jpg 524w, https:\/\/policia.edu.co\/memoria\/wp-content\/uploads\/2020\/06\/si-leonardo-gutierrez-1-300x125.jpg 300w\" sizes=\"100vw\" alt=\"\" \/><\/a><\/div><\/div><div class=\"divider-wrap\"><div style=\"height: 25px;\" class=\"divider\"><\/div><\/div><div class=\"img-with-aniamtion-wrap \" data-max-width=\"100%\" data-border-radius=\"none\"><div class=\"inner\"><a href=\"https:\/\/policia.edu.co\/memoria\/wp-content\/uploads\/2020\/06\/pt-alvaro-vollacorte-1.jpg\" class=\"pp \"><img data-shadow=\"none\" data-shadow-direction=\"middle\" class=\"img-with-animation \" data-delay=\"0\" height=\"332\" width=\"469\" data-animation=\"fade-in\" src=\"https:\/\/policia.edu.co\/memoria\/wp-content\/uploads\/2020\/06\/pt-alvaro-vollacorte-1.jpg\" srcset=\"https:\/\/policia.edu.co\/memoria\/wp-content\/uploads\/2020\/06\/pt-alvaro-vollacorte-1.jpg 469w, https:\/\/policia.edu.co\/memoria\/wp-content\/uploads\/2020\/06\/pt-alvaro-vollacorte-1-300x212.jpg 300w\" sizes=\"100vw\" alt=\"\" \/><\/a><\/div><\/div><div class=\"divider-wrap\"><div style=\"height: 25px;\" class=\"divider\"><\/div><\/div>[vc_custom_heading text=\u00bbAnte el compromiso adquirido de consolidar la paz en el campo colombiano, ellos siguieron el camino de la reconciliaci\u00f3n y el perd\u00f3n, lideraron actividades de integraci\u00f3n que contribuyeron al mejoramiento de las relaciones entre la comunidad y los excombatientes de las FARC, mediante la implementaci\u00f3n de proyectos productivos como forma de comercio y auto-sostenimiento para las familias campesinas del lugar, garantizando la seguridad en un territorio que en otrora sufri\u00f3 las inclemencias de la guerra.\u00bb font_container=\u00bbtag:p|text_align:left|color:%23828282&#8243; use_theme_fonts=\u00bbyes\u00bb css_animation=\u00bbnone\u00bb css=\u00bb.vc_custom_1591794907057{padding-right: 10% !important;}\u00bb][vc_custom_heading text=\u00bbEstos polic\u00edas lograron fortalecer los lazos de uni\u00f3n con la comunidad, mediante una labor netamente comunitaria, realizando jornadas de peluquer\u00eda a los ni\u00f1os, ni\u00f1as y adolescentes de la regi\u00f3n, charlas en los colegios, brigadas de aseo y salud, actividades de alfabetizaci\u00f3n y campeonatos deportivos, sensibilizando a la poblaci\u00f3n sobre el respeto y acatamiento por las Normas de Tr\u00e1nsito y C\u00f3digo Nacional de Polic\u00eda, labores de prevenci\u00f3n, campa\u00f1as educativas contra el uso y abuso de drogas, colaboraci\u00f3n en actos religiosos y eventos tradicionales de la regi\u00f3n, entre otros. Ellos ten\u00edan claro que el liderazgo y el ejemplo es la mejor estrategia para lograr esa paz tan anhelada en nuestro pa\u00eds.<\/p>\n<p>Lamentablemente, el d\u00eda 18 de diciembre de 2017, manos inescrupulosas pusieron fin a tan loable, generosa y humilde labor que Leonardo y \u00c1lvaro desempe\u00f1aban en la vereda Playa Rica \u2013 Meta, ese d\u00eda les arrebataron la vida y junto a ella, los sue\u00f1os, proyectos y metas de una comunidad que con ellos constru\u00edan una paz estable y duradera.<\/p>\n<p>Estos actos de violencia e intolerancia van m\u00e1s all\u00e1 de la p\u00e9rdida de dos vidas, representan el vac\u00edo de dos hombres \u201cEdificadores de Paz\u201d, quienes guiaban a una comunidad por el camino de la reconciliaci\u00f3n.\u00bb font_container=\u00bbtag:p|text_align:left|color:%23828282&#8243; use_theme_fonts=\u00bbyes\u00bb css_animation=\u00bbnone\u00bb css=\u00bb.vc_custom_1591794958824{padding-right: 10% !important;}\u00bb][\/vc_column_inner][\/vc_row_inner][vc_column_text]\n<h5 style=\"text-align: right;\"><em>Autor<\/em><\/h5>\n<h5 style=\"text-align: right;\">\u00c1rea de Historia, Memoria Hist\u00f3rica y V\u00edctimas<br \/>\nUnidad Policial para la Edificaci\u00f3n de la Paz<br \/>\nPolic\u00eda Nacional de Colombia<\/h5>\n<h5 style=\"text-align: right;\"><\/h5>\n[\/vc_column_text][\/vc_column][vc_column column_padding=\u00bbpadding-4-percent\u00bb column_padding_position=\u00bball\u00bb background_color_opacity=\u00bb1&#8243; background_hover_color_opacity=\u00bb1&#8243; column_shadow=\u00bbnone\u00bb column_border_radius=\u00bbnone\u00bb width=\u00bb1\/3&#8243; tablet_text_alignment=\u00bbdefault\u00bb phone_text_alignment=\u00bbdefault\u00bb column_border_width=\u00bb4px\u00bb column_border_color=\u00bb#2d2d2d\u00bb column_border_style=\u00bbsolid\u00bb enable_border_animation=\u00bbtrue\u00bb offset=\u00bbvc_col-lg-offset-0 vc_col-lg-4 vc_col-md-offset-0 vc_col-md-4 vc_col-xs-12&#8243;][vc_row_inner column_margin=\u00bbdefault\u00bb text_align=\u00bbleft\u00bb css=\u00bb.vc_custom_1485444358185{margin-bottom: 10px !important;}\u00bb][vc_column_inner enable_animation=\u00bbtrue\u00bb animation=\u00bbfade-in-from-bottom\u00bb column_padding=\u00bbno-extra-padding\u00bb column_padding_position=\u00bball\u00bb background_color_opacity=\u00bb1&#8243; background_hover_color_opacity=\u00bb1&#8243; column_shadow=\u00bbnone\u00bb column_border_radius=\u00bbnone\u00bb width=\u00bb1\/1&#8243; column_border_width=\u00bbnone\u00bb column_border_style=\u00bbsolid\u00bb]<div class=\"divider-wrap\"><div style=\"height: 25px;\" class=\"divider\"><\/div><\/div><div class=\"img-with-aniamtion-wrap \" data-max-width=\"100%\" data-border-radius=\"none\"><div class=\"inner\"><a href=\"https:\/\/policia.edu.co\/memoria\/wp-content\/uploads\/2020\/06\/comunidad.jpg\" class=\"pp \"><img data-shadow=\"none\" data-shadow-direction=\"middle\" class=\"img-with-animation \" data-delay=\"0\" height=\"480\" width=\"640\" data-animation=\"fade-in\" src=\"https:\/\/policia.edu.co\/memoria\/wp-content\/uploads\/2020\/06\/comunidad.jpg\" srcset=\"https:\/\/policia.edu.co\/memoria\/wp-content\/uploads\/2020\/06\/comunidad.jpg 640w, https:\/\/policia.edu.co\/memoria\/wp-content\/uploads\/2020\/06\/comunidad-300x225.jpg 300w\" sizes=\"100vw\" alt=\"\" \/><\/a><\/div><\/div>[\/vc_column_inner][\/vc_row_inner]<div class=\"divider-wrap\"><div style=\"height: 25px;\" class=\"divider\"><\/div><\/div>[vc_row_inner column_margin=\u00bbdefault\u00bb text_align=\u00bbleft\u00bb][vc_column_inner enable_animation=\u00bbtrue\u00bb animation=\u00bbgrow-in\u00bb column_padding=\u00bbno-extra-padding\u00bb column_padding_position=\u00bball\u00bb background_color_opacity=\u00bb1&#8243; background_hover_color_opacity=\u00bb1&#8243; column_shadow=\u00bbnone\u00bb column_border_radius=\u00bbnone\u00bb width=\u00bb1\/1&#8243; column_border_width=\u00bbnone\u00bb column_border_style=\u00bbsolid\u00bb delay=\u00bb150&#8243;][vc_column_text]\n<h6 style=\"text-align: right;\">Fecha: 22\/ENE\/2018<\/h6>\n<h5 style=\"text-align: right;\"><\/h5>\n[\/vc_column_text][\/vc_column_inner][\/vc_row_inner][\/vc_column][\/vc_row]\n","protected":false},"excerpt":{"rendered":"<p>[vc_row type=\u00bbfull_width_background\u00bb full_screen_row_position=\u00bbmiddle\u00bb bg_color=\u00bb#161616&#8243; scene_position=\u00bbcenter\u00bb text_color=\u00bblight\u00bb text_align=\u00bbleft\u00bb top_padding=\u00bb12%\u00bb bottom_padding=\u00bb12%\u00bb overlay_strength=\u00bb0.3&#8243; shape_divider_position=\u00bbbottom\u00bb][vc_column column_padding=\u00bbpadding-4-percent\u00bb column_padding_position=\u00bbbottom\u00bb background_color_opacity=\u00bb1&#8243; background_hover_color_opacity=\u00bb1&#8243; column_shadow=\u00bbnone\u00bb column_border_radius=\u00bbnone\u00bb width=\u00bb2\/3&#8243; tablet_text_alignment=\u00bbdefault\u00bb phone_text_alignment=\u00bbdefault\u00bb column_border_width=\u00bbnone\u00bb column_border_style=\u00bbsolid\u00bb offset=\u00bbvc_col-lg-8 vc_col-md-8 vc_col-xs-12&#8243;][vc_row_inner column_margin=\u00bbdefault\u00bb text_align=\u00bbleft\u00bb][vc_column_inner enable_animation=\u00bbtrue\u00bb animation=\u00bbfade-in-from-bottom\u00bb column_padding=\u00bbno-extra-padding\u00bb&#8230;<\/p>\n","protected":false},"author":2,"featured_media":0,"comment_status":"closed","ping_status":"closed","sticky":false,"template":"","format":"standard","meta":[],"categories":[40],"tags":[],"_links":{"self":[{"href":"https:\/\/policia.edu.co\/memoria\/index.php\/wp-json\/wp\/v2\/posts\/734"}],"collection":[{"href":"https:\/\/policia.edu.co\/memoria\/index.php\/wp-json\/wp\/v2\/posts"}],"about":[{"href":"https:\/\/policia.edu.co\/memoria\/index.php\/wp-json\/wp\/v2\/types\/post"}],"author":[{"embeddable":true,"href":"https:\/\/policia.edu.co\/memoria\/index.php\/wp-json\/wp\/v2\/users\/2"}],"replies":[{"embeddable":true,"href":"https:\/\/policia.edu.co\/memoria\/index.php\/wp-json\/wp\/v2\/comments?post=734"}],"version-history":[{"count":8,"href":"https:\/\/policia.edu.co\/memoria\/index.php\/wp-json\/wp\/v2\/posts\/734\/revisions"}],"predecessor-version":[{"id":807,"href":"https:\/\/policia.edu.co\/memoria\/index.php\/wp-json\/wp\/v2\/posts\/734\/revisions\/807"}],"wp:attachment":[{"href":"https:\/\/policia.edu.co\/memoria\/index.php\/wp-json\/wp\/v2\/media?parent=734"}],"wp:term":[{"taxonomy":"category","embeddable":true,"href":"https:\/\/policia.edu.co\/memoria\/index.php\/wp-json\/wp\/v2\/categories?post=734"},{"taxonomy":"post_tag","embeddable":true,"href":"https:\/\/policia.edu.co\/memoria\/index.php\/wp-json\/wp\/v2\/tags?post=734"}],"curies":[{"name":"wp","href":"https:\/\/api.w.org\/{rel}","templated":true}]}}