{"id":828,"date":"2020-06-11T13:46:48","date_gmt":"2020-06-11T13:46:48","guid":{"rendered":"https:\/\/policia.edu.co\/memoria\/?p=828"},"modified":"2020-07-01T21:46:38","modified_gmt":"2020-07-01T21:46:38","slug":"infancia","status":"publish","type":"post","link":"https:\/\/policia.edu.co\/memoria\/index.php\/2020\/06\/11\/infancia\/","title":{"rendered":"Infancia"},"content":{"rendered":"[vc_row type=\u00bbfull_width_background\u00bb full_screen_row_position=\u00bbmiddle\u00bb bg_color=\u00bb#161616&#8243; scene_position=\u00bbcenter\u00bb text_color=\u00bblight\u00bb text_align=\u00bbleft\u00bb top_padding=\u00bb12%\u00bb bottom_padding=\u00bb12%\u00bb overlay_strength=\u00bb0.3&#8243; shape_divider_position=\u00bbbottom\u00bb][vc_column column_padding=\u00bbpadding-4-percent\u00bb column_padding_position=\u00bbbottom\u00bb background_color_opacity=\u00bb1&#8243; background_hover_color_opacity=\u00bb1&#8243; column_shadow=\u00bbnone\u00bb column_border_radius=\u00bbnone\u00bb width=\u00bb2\/3&#8243; tablet_text_alignment=\u00bbdefault\u00bb phone_text_alignment=\u00bbdefault\u00bb column_border_width=\u00bbnone\u00bb column_border_style=\u00bbsolid\u00bb offset=\u00bbvc_col-lg-8 vc_col-md-8 vc_col-xs-12&#8243;][vc_row_inner column_margin=\u00bbdefault\u00bb text_align=\u00bbleft\u00bb][vc_column_inner enable_animation=\u00bbtrue\u00bb animation=\u00bbfade-in-from-bottom\u00bb column_padding=\u00bbno-extra-padding\u00bb column_padding_position=\u00bball\u00bb background_color_opacity=\u00bb1&#8243; background_hover_color_opacity=\u00bb1&#8243; column_shadow=\u00bbnone\u00bb column_border_radius=\u00bbnone\u00bb width=\u00bb1\/1&#8243; column_border_width=\u00bbnone\u00bb column_border_style=\u00bbsolid\u00bb][vc_column_text max_width=\u00bb600&#8243; css=\u00bb.vc_custom_1591883081699{margin-bottom: 30px !important;}\u00bb]\n<h2 class=\"entry-title\">Las l\u00e1grimas de la\u00a0infancia<\/h2>\n[\/vc_column_text][vc_custom_heading text=\u00bbEl lazo m\u00e1s fuerte de amor es el v\u00ednculo que tienen los padres con los hijos, es puro, sincero y desinteresado. Este es la m\u00e1xima expresi\u00f3n de admiraci\u00f3n y orgullo que se puede sentir por otra persona. As\u00ed como el amor que ten\u00eda Roy David con su padre Roy Valentino, que falleci\u00f3 el pasado 22 de noviembre de 2019, en un ataque terrorista realizado contra la Estaci\u00f3n de Polic\u00eda de Santander de Quilichao en el departamento del Cauca, junto con dos compa\u00f1eros Jes\u00fas Norbey Muelas Ipia y Ever Danilo Canacuan.\u00bb font_container=\u00bbtag:p|text_align:left|color:%23828282&#8243; use_theme_fonts=\u00bbyes\u00bb css_animation=\u00bbnone\u00bb css=\u00bb.vc_custom_1591883093467{padding-right: 10% !important;}\u00bb][vc_custom_heading text=\u00bbRoy Valentino era patrullero de la Polic\u00eda Nacional, llevaba 14 a\u00f1os en la instituci\u00f3n, en su hoja de vida le hab\u00edan felicitado por su excelente labor en m\u00e1s de 20 ocasiones y ten\u00eda cuatro menciones honor\u00edficas. A sus 38 a\u00f1os era padre de Roy David, a quien el terrorismo le arrebat\u00f3 a su h\u00e9roe, a su persona favorita. Jes\u00fas tambi\u00e9n ten\u00eda un ni\u00f1o de 11 a\u00f1os de edad, Andr\u00e9s Felipe, compart\u00edan momentos maravillosos de padre e hijo, tiempo de lectura, juegos y comidas, recuerdos que quedar\u00e1n guardados como un tesoro en su mente porque no regresar\u00e1n jam\u00e1s. Ever Danilo, deja unos padres desconsolados que no pueden creer a\u00fan, que a su hijo de 31 a\u00f1os de edad, le hubieran coartado los sue\u00f1os de ser un padre de familia y un gran profesional.\u00bb font_container=\u00bbtag:p|text_align:left|color:%23828282&#8243; use_theme_fonts=\u00bbyes\u00bb css_animation=\u00bbnone\u00bb css=\u00bb.vc_custom_1591883117762{padding-right: 10% !important;}\u00bb][vc_custom_heading text=\u00bbRoy David, tiene tan solo dos a\u00f1os de edad, en medio de su inocencia se pregunta \u00bfd\u00f3nde est\u00e1 mi pap\u00e1? Pero quien y como se le explica a este angelito que su h\u00e9roe ya no est\u00e1, que no lo volver\u00e1 a ver porque alguien decidi\u00f3 que ya no estar\u00eda m\u00e1s en la tierra y que ahora lo cuidar\u00e1 desde el cielo. Andr\u00e9s Felipe, es un adolescente de 11 a\u00f1os de edad, que necesitaba de los consejos de su padre para tomar decisiones sabias y ser una persona ejemplar como lo fue su progenitor.<\/p>\n<p>As\u00ed como ellos sufren porque ya no est\u00e1n , la Polic\u00eda Nacional se enluta por la ausencia de tres grandes hombres que demostraron arrojo y valent\u00eda, los compa\u00f1eros extra\u00f1an sus risas, sus amigos las conversaciones divertidas y los habitantes de Santander de Quilichao se entristecen porque su seguridad y convivencia ya no ser\u00e1 la misma de antes.<\/p>\n<p>Hoy Roy David qued\u00f3 sin su persona favorita y Andr\u00e9s Felipe sin su compa\u00f1ero de aventuras, como ellos hay miles de ni\u00f1os y ni\u00f1as que son hu\u00e9rfanos de la violencia desmedida, por la intolerancia de unos y la deshumanizaci\u00f3n del conflicto armado que ha estado en Colombia por m\u00e1s de cinco d\u00e9cadas. Desde el cielo, Roy Valentino, ser\u00e1 el \u00e1ngel guardi\u00e1n de su peque\u00f1o hijo, Jes\u00fas, estar\u00e1 presente en la mente de su hijo Andr\u00e9s Felipe constantemente y Ever Danilo tendr\u00e1 la convicci\u00f3n que hasta el \u00faltimo d\u00eda de su existencia dio su granito de arena por hacer de Colombia un pa\u00eds mejor.\u00bb font_container=\u00bbtag:p|text_align:left|color:%23828282&#8243; use_theme_fonts=\u00bbyes\u00bb css_animation=\u00bbnone\u00bb css=\u00bb.vc_custom_1591883139299{padding-right: 10% !important;}\u00bb][\/vc_column_inner][\/vc_row_inner][vc_column_text]\n<h5 style=\"text-align: right;\"><em>Autor<\/em><\/h5>\n<h5 style=\"text-align: right;\">\u00c1rea de Historia, Memoria Hist\u00f3rica y V\u00edctimas<br \/>\nUnidad Policial para la Edificaci\u00f3n de la Paz<br \/>\nPolic\u00eda Nacional de Colombia<\/h5>\n<h5 style=\"text-align: right;\"><\/h5>\n[\/vc_column_text][\/vc_column][vc_column column_padding=\u00bbpadding-4-percent\u00bb column_padding_position=\u00bball\u00bb background_color_opacity=\u00bb1&#8243; background_hover_color_opacity=\u00bb1&#8243; column_shadow=\u00bbnone\u00bb column_border_radius=\u00bbnone\u00bb width=\u00bb1\/3&#8243; tablet_text_alignment=\u00bbdefault\u00bb phone_text_alignment=\u00bbdefault\u00bb column_border_width=\u00bb4px\u00bb column_border_color=\u00bb#2d2d2d\u00bb column_border_style=\u00bbsolid\u00bb enable_border_animation=\u00bbtrue\u00bb offset=\u00bbvc_col-lg-offset-0 vc_col-lg-4 vc_col-md-offset-0 vc_col-md-4 vc_col-xs-12&#8243;][vc_row_inner column_margin=\u00bbdefault\u00bb text_align=\u00bbleft\u00bb css=\u00bb.vc_custom_1485444358185{margin-bottom: 10px !important;}\u00bb][vc_column_inner enable_animation=\u00bbtrue\u00bb animation=\u00bbfade-in-from-bottom\u00bb column_padding=\u00bbno-extra-padding\u00bb column_padding_position=\u00bball\u00bb background_color_opacity=\u00bb1&#8243; background_hover_color_opacity=\u00bb1&#8243; column_shadow=\u00bbnone\u00bb column_border_radius=\u00bbnone\u00bb width=\u00bb1\/1&#8243; column_border_width=\u00bbnone\u00bb column_border_style=\u00bbsolid\u00bb]<div class=\"img-with-aniamtion-wrap \" data-max-width=\"100%\" data-border-radius=\"none\"><div class=\"inner\"><img data-shadow=\"none\" data-shadow-direction=\"middle\" class=\"img-with-animation \" data-delay=\"0\" height=\"659\" width=\"665\" data-animation=\"fade-in\" src=\"https:\/\/policia.edu.co\/memoria\/wp-content\/uploads\/2020\/06\/roy-david.jpg\" srcset=\"https:\/\/policia.edu.co\/memoria\/wp-content\/uploads\/2020\/06\/roy-david.jpg 665w, https:\/\/policia.edu.co\/memoria\/wp-content\/uploads\/2020\/06\/roy-david-300x297.jpg 300w, https:\/\/policia.edu.co\/memoria\/wp-content\/uploads\/2020\/06\/roy-david-150x150.jpg 150w, https:\/\/policia.edu.co\/memoria\/wp-content\/uploads\/2020\/06\/roy-david-100x100.jpg 100w, https:\/\/policia.edu.co\/memoria\/wp-content\/uploads\/2020\/06\/roy-david-140x140.jpg 140w\" sizes=\"100vw\" alt=\"\" \/><\/div><\/div>[\/vc_column_inner][\/vc_row_inner][vc_row_inner column_margin=\u00bbdefault\u00bb text_align=\u00bbleft\u00bb][vc_column_inner enable_animation=\u00bbtrue\u00bb animation=\u00bbgrow-in\u00bb column_padding=\u00bbno-extra-padding\u00bb column_padding_position=\u00bball\u00bb background_color_opacity=\u00bb1&#8243; background_hover_color_opacity=\u00bb1&#8243; column_shadow=\u00bbnone\u00bb column_border_radius=\u00bbnone\u00bb width=\u00bb1\/1&#8243; column_border_width=\u00bbnone\u00bb column_border_style=\u00bbsolid\u00bb delay=\u00bb150&#8243;][vc_column_text]\n<h6 style=\"text-align: right;\">Fecha: 01\/DIC\/2019<\/h6>\n<h5 style=\"text-align: right;\"><\/h5>\n[\/vc_column_text][\/vc_column_inner][\/vc_row_inner][\/vc_column][\/vc_row]\n","protected":false},"excerpt":{"rendered":"<p>[vc_row type=\u00bbfull_width_background\u00bb full_screen_row_position=\u00bbmiddle\u00bb bg_color=\u00bb#161616&#8243; scene_position=\u00bbcenter\u00bb text_color=\u00bblight\u00bb text_align=\u00bbleft\u00bb top_padding=\u00bb12%\u00bb bottom_padding=\u00bb12%\u00bb overlay_strength=\u00bb0.3&#8243; shape_divider_position=\u00bbbottom\u00bb][vc_column column_padding=\u00bbpadding-4-percent\u00bb column_padding_position=\u00bbbottom\u00bb background_color_opacity=\u00bb1&#8243; background_hover_color_opacity=\u00bb1&#8243; column_shadow=\u00bbnone\u00bb column_border_radius=\u00bbnone\u00bb width=\u00bb2\/3&#8243; tablet_text_alignment=\u00bbdefault\u00bb phone_text_alignment=\u00bbdefault\u00bb column_border_width=\u00bbnone\u00bb column_border_style=\u00bbsolid\u00bb offset=\u00bbvc_col-lg-8 vc_col-md-8 vc_col-xs-12&#8243;][vc_row_inner column_margin=\u00bbdefault\u00bb text_align=\u00bbleft\u00bb][vc_column_inner enable_animation=\u00bbtrue\u00bb animation=\u00bbfade-in-from-bottom\u00bb column_padding=\u00bbno-extra-padding\u00bb&#8230;<\/p>\n","protected":false},"author":2,"featured_media":0,"comment_status":"closed","ping_status":"closed","sticky":false,"template":"","format":"standard","meta":[],"categories":[40],"tags":[],"_links":{"self":[{"href":"https:\/\/policia.edu.co\/memoria\/index.php\/wp-json\/wp\/v2\/posts\/828"}],"collection":[{"href":"https:\/\/policia.edu.co\/memoria\/index.php\/wp-json\/wp\/v2\/posts"}],"about":[{"href":"https:\/\/policia.edu.co\/memoria\/index.php\/wp-json\/wp\/v2\/types\/post"}],"author":[{"embeddable":true,"href":"https:\/\/policia.edu.co\/memoria\/index.php\/wp-json\/wp\/v2\/users\/2"}],"replies":[{"embeddable":true,"href":"https:\/\/policia.edu.co\/memoria\/index.php\/wp-json\/wp\/v2\/comments?post=828"}],"version-history":[{"count":1,"href":"https:\/\/policia.edu.co\/memoria\/index.php\/wp-json\/wp\/v2\/posts\/828\/revisions"}],"predecessor-version":[{"id":830,"href":"https:\/\/policia.edu.co\/memoria\/index.php\/wp-json\/wp\/v2\/posts\/828\/revisions\/830"}],"wp:attachment":[{"href":"https:\/\/policia.edu.co\/memoria\/index.php\/wp-json\/wp\/v2\/media?parent=828"}],"wp:term":[{"taxonomy":"category","embeddable":true,"href":"https:\/\/policia.edu.co\/memoria\/index.php\/wp-json\/wp\/v2\/categories?post=828"},{"taxonomy":"post_tag","embeddable":true,"href":"https:\/\/policia.edu.co\/memoria\/index.php\/wp-json\/wp\/v2\/tags?post=828"}],"curies":[{"name":"wp","href":"https:\/\/api.w.org\/{rel}","templated":true}]}}