{"id":832,"date":"2020-06-11T13:51:15","date_gmt":"2020-06-11T13:51:15","guid":{"rendered":"https:\/\/policia.edu.co\/memoria\/?p=832"},"modified":"2020-07-01T21:47:59","modified_gmt":"2020-07-01T21:47:59","slug":"luz","status":"publish","type":"post","link":"https:\/\/policia.edu.co\/memoria\/index.php\/2020\/06\/11\/luz\/","title":{"rendered":"LUZ"},"content":{"rendered":"[vc_row type=\u00bbfull_width_background\u00bb full_screen_row_position=\u00bbmiddle\u00bb bg_color=\u00bb#161616&#8243; scene_position=\u00bbcenter\u00bb text_color=\u00bblight\u00bb text_align=\u00bbleft\u00bb top_padding=\u00bb12%\u00bb bottom_padding=\u00bb12%\u00bb overlay_strength=\u00bb0.3&#8243; shape_divider_position=\u00bbbottom\u00bb][vc_column column_padding=\u00bbpadding-4-percent\u00bb column_padding_position=\u00bbbottom\u00bb background_color_opacity=\u00bb1&#8243; background_hover_color_opacity=\u00bb1&#8243; column_shadow=\u00bbnone\u00bb column_border_radius=\u00bbnone\u00bb width=\u00bb2\/3&#8243; tablet_text_alignment=\u00bbdefault\u00bb phone_text_alignment=\u00bbdefault\u00bb column_border_width=\u00bbnone\u00bb column_border_style=\u00bbsolid\u00bb offset=\u00bbvc_col-lg-8 vc_col-md-8 vc_col-xs-12&#8243;][vc_row_inner column_margin=\u00bbdefault\u00bb text_align=\u00bbleft\u00bb][vc_column_inner enable_animation=\u00bbtrue\u00bb animation=\u00bbfade-in-from-bottom\u00bb column_padding=\u00bbno-extra-padding\u00bb column_padding_position=\u00bball\u00bb background_color_opacity=\u00bb1&#8243; background_hover_color_opacity=\u00bb1&#8243; column_shadow=\u00bbnone\u00bb column_border_radius=\u00bbnone\u00bb width=\u00bb1\/1&#8243; column_border_width=\u00bbnone\u00bb column_border_style=\u00bbsolid\u00bb][vc_column_text max_width=\u00bb600&#8243; css=\u00bb.vc_custom_1591883355220{margin-bottom: 30px !important;}\u00bb]\n<h2 class=\"entry-title\">Una Luz de\u00a0Esperanza<\/h2>\n[\/vc_column_text][vc_custom_heading text=\u00bbLa Polic\u00eda Nacional de Colombia y la Unidad para Atenci\u00f3n y Reparaci\u00f3n Integral a las V\u00edctimas, rindieron un sentido homenaje a los 118 hombres y mujeres uniformados dados por desaparecidos en el contexto del conflicto armado interno, violencia que ha estado latente en Colombia por m\u00e1s de 5 d\u00e9cadas y en el cual una de sus m\u00faltiples consecuencias, es no saber d\u00f3nde est\u00e1n sus seres queridos.\u00bb font_container=\u00bbtag:p|text_align:left|color:%23828282&#8243; use_theme_fonts=\u00bbyes\u00bb css_animation=\u00bbnone\u00bb css=\u00bb.vc_custom_1591883372778{padding-right: 10% !important;}\u00bb][vc_custom_heading text=\u00bbEsta ausencia causa un vac\u00edo doloroso en el seno de cada hogar, ellos son hijos, hijas, padres, madres, hermanas o hermanos que a\u00fan esperan volver a ver para conversar, re\u00edr e incluso llorar. Una luz de esperanza simboliza esa ilusi\u00f3n de verlos de nuevo, ejemplifica el anhelo de tenerlos en casa y expresa que en medio de tantos a\u00f1os de separaci\u00f3n no han sido olvidados. Esta iniciativa de memoria refleja la presencia de ellos en medio de nosotros, personificando su rostro en un cristal transparente, que demuestra la pureza de cada uno, iluminados con una luz blanca, representando la tranquilidad del deber cumplido para que tanto usted como yo convivi\u00e9ramos en paz.\u00bb font_container=\u00bbtag:p|text_align:left|color:%23828282&#8243; use_theme_fonts=\u00bbyes\u00bb css_animation=\u00bbnone\u00bb css=\u00bb.vc_custom_1591883385203{padding-right: 10% !important;}\u00bb][vc_custom_heading text=\u00bbEl lugar de memoria se encuentra en la Direcci\u00f3n General de la Polic\u00eda Nacional en la ciudad de Bogot\u00e1, donde podr\u00e1 ser visitado por sus familiares y compa\u00f1eros, dignificando su gran aporte a la construcci\u00f3n de una Colombia mejor y record\u00e1ndoles a sus familiares que siempre habr\u00e1 Una luz de esperanza en medio de la incertidumbre por no saber que les sucedi\u00f3.\u00bb font_container=\u00bbtag:p|text_align:left|color:%23828282&#8243; use_theme_fonts=\u00bbyes\u00bb css_animation=\u00bbnone\u00bb css=\u00bb.vc_custom_1591883402419{padding-right: 10% !important;}\u00bb][\/vc_column_inner][\/vc_row_inner]<div class=\"img-with-aniamtion-wrap \" data-max-width=\"100%\" data-border-radius=\"none\"><div class=\"inner\"><img data-shadow=\"none\" data-shadow-direction=\"middle\" class=\"img-with-animation \" data-delay=\"0\" height=\"128\" width=\"640\" data-animation=\"fade-in\" src=\"https:\/\/policia.edu.co\/memoria\/wp-content\/uploads\/2020\/06\/una-luz-de-esperanza-2.png\" srcset=\"https:\/\/policia.edu.co\/memoria\/wp-content\/uploads\/2020\/06\/una-luz-de-esperanza-2.png 640w, https:\/\/policia.edu.co\/memoria\/wp-content\/uploads\/2020\/06\/una-luz-de-esperanza-2-300x60.png 300w\" sizes=\"100vw\" alt=\"\" \/><\/div><\/div><div class=\"divider-wrap\"><div style=\"height: 25px;\" class=\"divider\"><\/div><\/div><div class=\"divider-wrap\"><div style=\"height: 25px;\" class=\"divider\"><\/div><\/div>[vc_column_text]\n<h5 style=\"text-align: right;\"><em>Autor<\/em><\/h5>\n<h5 style=\"text-align: right;\">\u00c1rea de Historia, Memoria Hist\u00f3rica y V\u00edctimas<br \/>\nUnidad Policial para la Edificaci\u00f3n de la Paz<br \/>\nPolic\u00eda Nacional de Colombia<\/h5>\n<h5 style=\"text-align: right;\"><\/h5>\n[\/vc_column_text][\/vc_column][vc_column column_padding=\u00bbpadding-4-percent\u00bb column_padding_position=\u00bball\u00bb background_color_opacity=\u00bb1&#8243; background_hover_color_opacity=\u00bb1&#8243; column_shadow=\u00bbnone\u00bb column_border_radius=\u00bbnone\u00bb width=\u00bb1\/3&#8243; tablet_text_alignment=\u00bbdefault\u00bb phone_text_alignment=\u00bbdefault\u00bb column_border_width=\u00bb4px\u00bb column_border_color=\u00bb#2d2d2d\u00bb column_border_style=\u00bbsolid\u00bb enable_border_animation=\u00bbtrue\u00bb offset=\u00bbvc_col-lg-offset-0 vc_col-lg-4 vc_col-md-offset-0 vc_col-md-4 vc_col-xs-12&#8243;][vc_row_inner column_margin=\u00bbdefault\u00bb text_align=\u00bbleft\u00bb css=\u00bb.vc_custom_1485444358185{margin-bottom: 10px !important;}\u00bb][vc_column_inner enable_animation=\u00bbtrue\u00bb animation=\u00bbfade-in-from-bottom\u00bb column_padding=\u00bbno-extra-padding\u00bb column_padding_position=\u00bball\u00bb background_color_opacity=\u00bb1&#8243; background_hover_color_opacity=\u00bb1&#8243; column_shadow=\u00bbnone\u00bb column_border_radius=\u00bbnone\u00bb width=\u00bb1\/1&#8243; column_border_width=\u00bbnone\u00bb column_border_style=\u00bbsolid\u00bb]<div class=\"img-with-aniamtion-wrap \" data-max-width=\"100%\" data-border-radius=\"none\"><div class=\"inner\"><img data-shadow=\"none\" data-shadow-direction=\"middle\" class=\"img-with-animation \" data-delay=\"0\" height=\"480\" width=\"640\" data-animation=\"fade-in\" src=\"https:\/\/policia.edu.co\/memoria\/wp-content\/uploads\/2020\/06\/una-luz-de-esperanza1.jpg\" srcset=\"https:\/\/policia.edu.co\/memoria\/wp-content\/uploads\/2020\/06\/una-luz-de-esperanza1.jpg 640w, https:\/\/policia.edu.co\/memoria\/wp-content\/uploads\/2020\/06\/una-luz-de-esperanza1-300x225.jpg 300w\" sizes=\"100vw\" alt=\"\" \/><\/div><\/div>[\/vc_column_inner][\/vc_row_inner][vc_row_inner column_margin=\u00bbdefault\u00bb text_align=\u00bbleft\u00bb][vc_column_inner enable_animation=\u00bbtrue\u00bb animation=\u00bbgrow-in\u00bb column_padding=\u00bbno-extra-padding\u00bb column_padding_position=\u00bball\u00bb background_color_opacity=\u00bb1&#8243; background_hover_color_opacity=\u00bb1&#8243; column_shadow=\u00bbnone\u00bb column_border_radius=\u00bbnone\u00bb width=\u00bb1\/1&#8243; column_border_width=\u00bbnone\u00bb column_border_style=\u00bbsolid\u00bb delay=\u00bb150&#8243;][vc_column_text]\n<h6 style=\"text-align: right;\">Fecha: 16\/DIC\/2019<\/h6>\n<h5 style=\"text-align: right;\"><\/h5>\n[\/vc_column_text][\/vc_column_inner][\/vc_row_inner][\/vc_column][\/vc_row]\n","protected":false},"excerpt":{"rendered":"<p>[vc_row type=\u00bbfull_width_background\u00bb full_screen_row_position=\u00bbmiddle\u00bb bg_color=\u00bb#161616&#8243; scene_position=\u00bbcenter\u00bb text_color=\u00bblight\u00bb text_align=\u00bbleft\u00bb top_padding=\u00bb12%\u00bb bottom_padding=\u00bb12%\u00bb overlay_strength=\u00bb0.3&#8243; shape_divider_position=\u00bbbottom\u00bb][vc_column column_padding=\u00bbpadding-4-percent\u00bb column_padding_position=\u00bbbottom\u00bb background_color_opacity=\u00bb1&#8243; background_hover_color_opacity=\u00bb1&#8243; column_shadow=\u00bbnone\u00bb column_border_radius=\u00bbnone\u00bb width=\u00bb2\/3&#8243; tablet_text_alignment=\u00bbdefault\u00bb phone_text_alignment=\u00bbdefault\u00bb column_border_width=\u00bbnone\u00bb column_border_style=\u00bbsolid\u00bb offset=\u00bbvc_col-lg-8 vc_col-md-8 vc_col-xs-12&#8243;][vc_row_inner column_margin=\u00bbdefault\u00bb text_align=\u00bbleft\u00bb][vc_column_inner enable_animation=\u00bbtrue\u00bb animation=\u00bbfade-in-from-bottom\u00bb column_padding=\u00bbno-extra-padding\u00bb&#8230;<\/p>\n","protected":false},"author":2,"featured_media":0,"comment_status":"closed","ping_status":"closed","sticky":false,"template":"","format":"standard","meta":[],"categories":[40],"tags":[],"_links":{"self":[{"href":"https:\/\/policia.edu.co\/memoria\/index.php\/wp-json\/wp\/v2\/posts\/832"}],"collection":[{"href":"https:\/\/policia.edu.co\/memoria\/index.php\/wp-json\/wp\/v2\/posts"}],"about":[{"href":"https:\/\/policia.edu.co\/memoria\/index.php\/wp-json\/wp\/v2\/types\/post"}],"author":[{"embeddable":true,"href":"https:\/\/policia.edu.co\/memoria\/index.php\/wp-json\/wp\/v2\/users\/2"}],"replies":[{"embeddable":true,"href":"https:\/\/policia.edu.co\/memoria\/index.php\/wp-json\/wp\/v2\/comments?post=832"}],"version-history":[{"count":3,"href":"https:\/\/policia.edu.co\/memoria\/index.php\/wp-json\/wp\/v2\/posts\/832\/revisions"}],"predecessor-version":[{"id":837,"href":"https:\/\/policia.edu.co\/memoria\/index.php\/wp-json\/wp\/v2\/posts\/832\/revisions\/837"}],"wp:attachment":[{"href":"https:\/\/policia.edu.co\/memoria\/index.php\/wp-json\/wp\/v2\/media?parent=832"}],"wp:term":[{"taxonomy":"category","embeddable":true,"href":"https:\/\/policia.edu.co\/memoria\/index.php\/wp-json\/wp\/v2\/categories?post=832"},{"taxonomy":"post_tag","embeddable":true,"href":"https:\/\/policia.edu.co\/memoria\/index.php\/wp-json\/wp\/v2\/tags?post=832"}],"curies":[{"name":"wp","href":"https:\/\/api.w.org\/{rel}","templated":true}]}}