{"id":840,"date":"2020-06-11T14:00:47","date_gmt":"2020-06-11T14:00:47","guid":{"rendered":"https:\/\/policia.edu.co\/memoria\/?p=840"},"modified":"2020-07-01T21:48:33","modified_gmt":"2020-07-01T21:48:33","slug":"adios","status":"publish","type":"post","link":"https:\/\/policia.edu.co\/memoria\/index.php\/2020\/06\/11\/adios\/","title":{"rendered":"Adios"},"content":{"rendered":"[vc_row type=\u00bbfull_width_background\u00bb full_screen_row_position=\u00bbmiddle\u00bb bg_color=\u00bb#161616&#8243; scene_position=\u00bbcenter\u00bb text_color=\u00bblight\u00bb text_align=\u00bbleft\u00bb top_padding=\u00bb12%\u00bb bottom_padding=\u00bb12%\u00bb overlay_strength=\u00bb0.3&#8243; shape_divider_position=\u00bbbottom\u00bb][vc_column column_padding=\u00bbpadding-4-percent\u00bb column_padding_position=\u00bbbottom\u00bb background_color_opacity=\u00bb1&#8243; background_hover_color_opacity=\u00bb1&#8243; column_shadow=\u00bbnone\u00bb column_border_radius=\u00bbnone\u00bb width=\u00bb2\/3&#8243; tablet_text_alignment=\u00bbdefault\u00bb phone_text_alignment=\u00bbdefault\u00bb column_border_width=\u00bbnone\u00bb column_border_style=\u00bbsolid\u00bb offset=\u00bbvc_col-lg-8 vc_col-md-8 vc_col-xs-12&#8243;][vc_row_inner column_margin=\u00bbdefault\u00bb text_align=\u00bbleft\u00bb][vc_column_inner enable_animation=\u00bbtrue\u00bb animation=\u00bbfade-in-from-bottom\u00bb column_padding=\u00bbno-extra-padding\u00bb column_padding_position=\u00bball\u00bb background_color_opacity=\u00bb1&#8243; background_hover_color_opacity=\u00bb1&#8243; column_shadow=\u00bbnone\u00bb column_border_radius=\u00bbnone\u00bb width=\u00bb1\/1&#8243; column_border_width=\u00bbnone\u00bb column_border_style=\u00bbsolid\u00bb][vc_column_text max_width=\u00bb600&#8243; css=\u00bb.vc_custom_1591883837962{margin-bottom: 30px !important;}\u00bb]\n<h2 class=\"entry-title\">El adi\u00f3s a un Edificador de\u00a0Paz<\/h2>\n[\/vc_column_text][vc_custom_heading text=\u00bbHoy queremos recordar la gran labor que realiz\u00f3 un Edificador de Paz, integrante de la Unidad B\u00e1sica de Carabineros (UBICAR 22) y adscrito a la Unidad Policial para la Edificaci\u00f3n de la Paz (UNIPEP), quien parti\u00f3 de este mundo el pasado 22 de marzo de 2020.<\/p>\n<p>El Patrullero Helder Jos\u00e9 Cantillo Noguera, de 23 a\u00f1os de edad y con 3 a\u00f1os de servicio en la Instituci\u00f3n, se caracterizaba por su generosidad, responsabilidad y entrega a la poblaci\u00f3n de Playa Rica (El Yari), regi\u00f3n que pertenece al departamento del Meta. Helder sobresali\u00f3 por su liderazgo y h\u00e1bil comunicaci\u00f3n con las diferentes instituciones y autoridades locales, que han sido mediadoras en la soluci\u00f3n pac\u00edfica de conflictos.\u00bb font_container=\u00bbtag:p|text_align:left|color:%23828282&#8243; use_theme_fonts=\u00bbyes\u00bb css_animation=\u00bbnone\u00bb css=\u00bb.vc_custom_1591883856667{padding-right: 10% !important;}\u00bb]<div class=\"img-with-aniamtion-wrap center\" data-max-width=\"100%\" data-border-radius=\"none\"><div class=\"inner\"><img data-shadow=\"none\" data-shadow-direction=\"middle\" class=\"img-with-animation \" data-delay=\"0\" height=\"285\" width=\"302\" data-animation=\"fade-in\" src=\"https:\/\/policia.edu.co\/memoria\/wp-content\/uploads\/2020\/06\/foto2-escrito1-1.jpg\" srcset=\"https:\/\/policia.edu.co\/memoria\/wp-content\/uploads\/2020\/06\/foto2-escrito1-1.jpg 302w, https:\/\/policia.edu.co\/memoria\/wp-content\/uploads\/2020\/06\/foto2-escrito1-1-300x283.jpg 300w\" sizes=\"100vw\" alt=\"\" \/><\/div><\/div>[vc_custom_heading text=\u00bbSu destreza profesional ayud\u00f3 a construir un lazo de confianza y amistad, basado en el foto2 escrito1respeto por las diferencias, entre la comunidad y los excombatientes que habitan este territorio. As\u00ed logr\u00f3 una sinergia efectiva para el desarrollo y crecimiento de los proyectos que impactar\u00edan la construcci\u00f3n de un tejido social pac\u00edfico. Es importante destacar, que estas iniciativas no solo impactaron de manera positiva a la sociedad, como lo manifiestan sus l\u00edderes comunales e integrantes del comercio, pol\u00edticos y adultos mayores, sino que definitivamente vincul\u00f3 a los ni\u00f1os, ni\u00f1as y adolescentes, desde sus roles como estudiantes; promoviendo entre s\u00ed valores y h\u00e1bitos basados en la cultura de la legalidad, lo que ha permitido el fortalecimiento de ambientes seguros, libres de riesgos para su crecimiento y desarrollo como una sociedad s\u00f3lida.\u00bb font_container=\u00bbtag:p|text_align:left|color:%23828282&#8243; use_theme_fonts=\u00bbyes\u00bb css_animation=\u00bbnone\u00bb css=\u00bb.vc_custom_1591883874521{padding-right: 10% !important;}\u00bb][vc_custom_heading text=\u00bbTristemente, manos criminales pusieron fin a la meritoria y desprendida labor que nuestro compa\u00f1ero Helder Cantillo realizaba, arrebat\u00e1ndole sus sue\u00f1os y proyectos para edificar una mejor Colombia. Este fatal hecho ocurri\u00f3 cuando Helder atendi\u00f3 el llamado de la comunidad, denunciando que un grupo de personas presentaban s\u00edntomas del virus COVID-19. Sin dudarlo, \u00e9l y su compa\u00f1ero salieron en su ayuda, pero cuando llegaron al lugar se\u00f1alado, fueron v\u00edctimas de las armas de los violentos quienes les dispararon varias veces, cobraron su vida y dejaron lesionado a su compa\u00f1ero de patrulla.<\/p>\n<p>Este acto de violencia perpetrado por presuntos criminales de un grupo residual de la extinta Farc y que delinquen en esta zona del pa\u00eds, indigna a sus compa\u00f1eros quienes con l\u00e1grimas en los ojos le dijeron adi\u00f3s a este Edificador de Paz el d\u00eda de su entierro, pero a su vez, con mayor esmero y dedicaci\u00f3n responden a sus victimarios, fortaleciendo su compromiso de entrega y aporte a la edificaci\u00f3n de una tierra socialmente vinculante, perenne y estable, cuyo objetivo es consolidar un equilibrio, proporci\u00f3n y correspondencia adecuada entre sus diferentes actores.<\/p>\n<p>\u201cQue el sacrificio hecho por miles de colombianos no sea desconocido para las futuras generaciones\u201d\u00bb font_container=\u00bbtag:p|text_align:left|color:%23828282&#8243; use_theme_fonts=\u00bbyes\u00bb css_animation=\u00bbnone\u00bb css=\u00bb.vc_custom_1591883893513{padding-right: 10% !important;}\u00bb][\/vc_column_inner][\/vc_row_inner][vc_column_text]\n<h5 style=\"text-align: right;\"><em>Autor<\/em><\/h5>\n<h5 style=\"text-align: right;\">\u00c1rea de Historia, Memoria Hist\u00f3rica y V\u00edctimas<br \/>\nUnidad Policial para la Edificaci\u00f3n de la Paz<br \/>\nPolic\u00eda Nacional de Colombia<\/h5>\n<h5 style=\"text-align: right;\"><\/h5>\n[\/vc_column_text][\/vc_column][vc_column column_padding=\u00bbpadding-4-percent\u00bb column_padding_position=\u00bball\u00bb background_color_opacity=\u00bb1&#8243; background_hover_color_opacity=\u00bb1&#8243; column_shadow=\u00bbnone\u00bb column_border_radius=\u00bbnone\u00bb width=\u00bb1\/3&#8243; tablet_text_alignment=\u00bbdefault\u00bb phone_text_alignment=\u00bbdefault\u00bb column_border_width=\u00bb4px\u00bb column_border_color=\u00bb#2d2d2d\u00bb column_border_style=\u00bbsolid\u00bb enable_border_animation=\u00bbtrue\u00bb offset=\u00bbvc_col-lg-offset-0 vc_col-lg-4 vc_col-md-offset-0 vc_col-md-4 vc_col-xs-12&#8243;][vc_row_inner column_margin=\u00bbdefault\u00bb text_align=\u00bbleft\u00bb css=\u00bb.vc_custom_1485444358185{margin-bottom: 10px !important;}\u00bb][vc_column_inner enable_animation=\u00bbtrue\u00bb animation=\u00bbfade-in-from-bottom\u00bb column_padding=\u00bbno-extra-padding\u00bb column_padding_position=\u00bball\u00bb background_color_opacity=\u00bb1&#8243; background_hover_color_opacity=\u00bb1&#8243; column_shadow=\u00bbnone\u00bb column_border_radius=\u00bbnone\u00bb width=\u00bb1\/1&#8243; column_border_width=\u00bbnone\u00bb column_border_style=\u00bbsolid\u00bb]<div class=\"img-with-aniamtion-wrap \" data-max-width=\"100%\" data-border-radius=\"none\"><div class=\"inner\"><img data-shadow=\"none\" data-shadow-direction=\"middle\" class=\"img-with-animation \" data-delay=\"0\" height=\"306\" width=\"292\" data-animation=\"fade-in\" src=\"https:\/\/policia.edu.co\/memoria\/wp-content\/uploads\/2020\/06\/foto1-escrito1-1.jpg\" srcset=\"https:\/\/policia.edu.co\/memoria\/wp-content\/uploads\/2020\/06\/foto1-escrito1-1.jpg 292w, https:\/\/policia.edu.co\/memoria\/wp-content\/uploads\/2020\/06\/foto1-escrito1-1-286x300.jpg 286w\" sizes=\"100vw\" alt=\"\" \/><\/div><\/div>[\/vc_column_inner][\/vc_row_inner][vc_row_inner column_margin=\u00bbdefault\u00bb text_align=\u00bbleft\u00bb][vc_column_inner enable_animation=\u00bbtrue\u00bb animation=\u00bbgrow-in\u00bb column_padding=\u00bbno-extra-padding\u00bb column_padding_position=\u00bball\u00bb background_color_opacity=\u00bb1&#8243; background_hover_color_opacity=\u00bb1&#8243; column_shadow=\u00bbnone\u00bb column_border_radius=\u00bbnone\u00bb width=\u00bb1\/1&#8243; column_border_width=\u00bbnone\u00bb column_border_style=\u00bbsolid\u00bb delay=\u00bb150&#8243;][vc_column_text]\n<h6 style=\"text-align: right;\">Fecha: 31\/MAR\/2020<\/h6>\n<h5 style=\"text-align: right;\"><\/h5>\n[\/vc_column_text][\/vc_column_inner][\/vc_row_inner][\/vc_column][\/vc_row]\n","protected":false},"excerpt":{"rendered":"<p>[vc_row type=\u00bbfull_width_background\u00bb full_screen_row_position=\u00bbmiddle\u00bb bg_color=\u00bb#161616&#8243; scene_position=\u00bbcenter\u00bb text_color=\u00bblight\u00bb text_align=\u00bbleft\u00bb top_padding=\u00bb12%\u00bb bottom_padding=\u00bb12%\u00bb overlay_strength=\u00bb0.3&#8243; shape_divider_position=\u00bbbottom\u00bb][vc_column column_padding=\u00bbpadding-4-percent\u00bb column_padding_position=\u00bbbottom\u00bb background_color_opacity=\u00bb1&#8243; background_hover_color_opacity=\u00bb1&#8243; column_shadow=\u00bbnone\u00bb column_border_radius=\u00bbnone\u00bb width=\u00bb2\/3&#8243; tablet_text_alignment=\u00bbdefault\u00bb phone_text_alignment=\u00bbdefault\u00bb column_border_width=\u00bbnone\u00bb column_border_style=\u00bbsolid\u00bb offset=\u00bbvc_col-lg-8 vc_col-md-8 vc_col-xs-12&#8243;][vc_row_inner column_margin=\u00bbdefault\u00bb text_align=\u00bbleft\u00bb][vc_column_inner enable_animation=\u00bbtrue\u00bb animation=\u00bbfade-in-from-bottom\u00bb column_padding=\u00bbno-extra-padding\u00bb&#8230;<\/p>\n","protected":false},"author":2,"featured_media":0,"comment_status":"closed","ping_status":"closed","sticky":false,"template":"","format":"standard","meta":[],"categories":[40],"tags":[],"_links":{"self":[{"href":"https:\/\/policia.edu.co\/memoria\/index.php\/wp-json\/wp\/v2\/posts\/840"}],"collection":[{"href":"https:\/\/policia.edu.co\/memoria\/index.php\/wp-json\/wp\/v2\/posts"}],"about":[{"href":"https:\/\/policia.edu.co\/memoria\/index.php\/wp-json\/wp\/v2\/types\/post"}],"author":[{"embeddable":true,"href":"https:\/\/policia.edu.co\/memoria\/index.php\/wp-json\/wp\/v2\/users\/2"}],"replies":[{"embeddable":true,"href":"https:\/\/policia.edu.co\/memoria\/index.php\/wp-json\/wp\/v2\/comments?post=840"}],"version-history":[{"count":3,"href":"https:\/\/policia.edu.co\/memoria\/index.php\/wp-json\/wp\/v2\/posts\/840\/revisions"}],"predecessor-version":[{"id":845,"href":"https:\/\/policia.edu.co\/memoria\/index.php\/wp-json\/wp\/v2\/posts\/840\/revisions\/845"}],"wp:attachment":[{"href":"https:\/\/policia.edu.co\/memoria\/index.php\/wp-json\/wp\/v2\/media?parent=840"}],"wp:term":[{"taxonomy":"category","embeddable":true,"href":"https:\/\/policia.edu.co\/memoria\/index.php\/wp-json\/wp\/v2\/categories?post=840"},{"taxonomy":"post_tag","embeddable":true,"href":"https:\/\/policia.edu.co\/memoria\/index.php\/wp-json\/wp\/v2\/tags?post=840"}],"curies":[{"name":"wp","href":"https:\/\/api.w.org\/{rel}","templated":true}]}}