{"id":877,"date":"2020-06-16T22:44:19","date_gmt":"2020-06-16T22:44:19","guid":{"rendered":"https:\/\/policia.edu.co\/memoria\/?p=877"},"modified":"2025-12-23T13:23:25","modified_gmt":"2025-12-23T13:23:25","slug":"documentales","status":"publish","type":"post","link":"https:\/\/policia.edu.co\/memoria\/index.php\/2020\/06\/16\/documentales\/","title":{"rendered":"Documentales"},"content":{"rendered":"[vc_row type=\u00bbfull_width_background\u00bb full_screen_row_position=\u00bbmiddle\u00bb bg_color=\u00bb#f2f2f2&#8243; scene_position=\u00bbcenter\u00bb text_color=\u00bbdark\u00bb text_align=\u00bbleft\u00bb top_padding=\u00bb5%\u00bb bottom_padding=\u00bb5%\u00bb id=\u00bbfootage\u00bb row_name=\u00bbAction Footage\u00bb overlay_strength=\u00bb0.3&#8243; shape_divider_position=\u00bbbottom\u00bb][vc_column column_padding=\u00bbno-extra-padding\u00bb column_padding_position=\u00bball\u00bb background_color_opacity=\u00bb1&#8243; background_hover_color_opacity=\u00bb1&#8243; column_shadow=\u00bbnone\u00bb column_border_radius=\u00bbnone\u00bb width=\u00bb1\/1&#8243; tablet_text_alignment=\u00bbdefault\u00bb phone_text_alignment=\u00bbdefault\u00bb column_border_width=\u00bbnone\u00bb column_border_style=\u00bbsolid\u00bb]\r\n    <div class=\"col span_12 section-title text-align-center extra-padding\">\r\n\t\t<h2>Documentales y V\u00eddeos<\/h2><p>En este espacio encontrar\u00e1 documentales y v\u00eddeos que hacen referencia a numerosos hechos victimizantes de los cuales han sido afectados miembros de la instituci\u00f3n dando a conocer el sentir de los hombres y mujeres, que en alg\u00fan momento le apostaron a la paz de Colombia con compromiso y nobles acciones hac\u00eda la comunidad. <\/p><\/div><div class=\"clear\"><\/div><div class=\"divider-wrap\"><div style=\"height: 25px;\" class=\"divider\"><\/div><\/div><div class=\"divider-wrap\"><div style=\"height: 25px;\" class=\"divider\"><\/div><\/div>\r\n    <div class=\"col span_12 section-title text-align-center extra-padding\">\r\n\t\t<h2>Documentales<\/h2><\/div><div class=\"clear\"><\/div>[vc_row_inner column_margin=\u00bbdefault\u00bb text_align=\u00bbleft\u00bb][vc_column_inner enable_animation=\u00bbtrue\u00bb animation=\u00bbfade-in-from-bottom\u00bb column_padding=\u00bbpadding-1-percent\u00bb column_padding_position=\u00bball\u00bb background_color_opacity=\u00bb1&#8243; background_hover_color_opacity=\u00bb1&#8243; column_shadow=\u00bbnone\u00bb column_border_radius=\u00bbnone\u00bb width=\u00bb1\/3&#8243; column_border_width=\u00bbnone\u00bb column_border_style=\u00bbsolid\u00bb][nectar_video_lightbox link_style=\u00bbplay_button_2&#8243; nectar_play_button_color=\u00bbDefault-Accent-Color\u00bb image_url=\u00bb882&#8243; hover_effect=\u00bbdefaut\u00bb box_shadow=\u00bbx_large_depth\u00bb border_radius=\u00bbnone\u00bb play_button_size=\u00bbdefault\u00bb video_url=\u00bbhttps:\/\/www.youtube.com\/watch?v=7O8qZd1r22k\u00bb][vc_column_text css=\u00bb.vc_custom_1628701262744{padding-top: 20px !important;}\u00bb]\n<h2>\u00abGranada: Relato de un perd\u00f3n\u00bb<\/h2>\n<h4>Tiempo de duraci\u00f3n: <span style=\"color: #bbb;\">1:00:39<\/span><\/h4>\n<p>Este documental hace referencia a el hecho victimizante ocurrido en Granada, Antioquia, donde fue atacada la poblaci\u00f3n con un carro bomba que destruy\u00f3 aproximadamente la mitad del municipio causando desastre y muerte entre ellos a cuatro integrantes de la Polic\u00eda, el 6 de diciembre de 2000.[\/vc_column_text][\/vc_column_inner][vc_column_inner enable_animation=\u00bbtrue\u00bb animation=\u00bbfade-in-from-bottom\u00bb column_padding=\u00bbpadding-1-percent\u00bb column_padding_position=\u00bball\u00bb background_color_opacity=\u00bb1&#8243; background_hover_color_opacity=\u00bb1&#8243; column_shadow=\u00bbnone\u00bb column_border_radius=\u00bbnone\u00bb width=\u00bb1\/3&#8243; column_border_width=\u00bbnone\u00bb column_border_style=\u00bbsolid\u00bb delay=\u00bb150&#8243;][nectar_video_lightbox link_style=\u00bbplay_button_2&#8243; nectar_play_button_color=\u00bbDefault-Accent-Color\u00bb image_url=\u00bb884&#8243; hover_effect=\u00bbdefaut\u00bb box_shadow=\u00bbx_large_depth\u00bb border_radius=\u00bbnone\u00bb play_button_size=\u00bbdefault\u00bb video_url=\u00bbhttps:\/\/www.youtube.com\/watch?v=G8JSDLn2vaY\u00bb][vc_column_text css=\u00bb.vc_custom_1628701156039{margin-top: 5px !important;padding-top: 20px !important;}\u00bb]\n<h2>Comandos Jungla Honor y Gloria por siempre<\/h2>\n<h4>Tiempo de duraci\u00f3n: <span style=\"color: #bbb;\">57:17<\/span><\/h4>\n<p>Este documental recuenta el hecho victimizante acaecido a 16 comandos Jungla de la Direcci\u00f3n de Antinarc\u00f3ticos en una emboscada realizada por tres frentes de las FARC en el municipio de Curillo, Caquet\u00e1, el 18 de enero de 2002.[\/vc_column_text][\/vc_column_inner][vc_column_inner enable_animation=\u00bbtrue\u00bb animation=\u00bbfade-in-from-bottom\u00bb column_padding=\u00bbpadding-1-percent\u00bb column_padding_position=\u00bball\u00bb background_color_opacity=\u00bb1&#8243; background_hover_color_opacity=\u00bb1&#8243; column_shadow=\u00bbnone\u00bb column_border_radius=\u00bbnone\u00bb width=\u00bb1\/3&#8243; column_border_width=\u00bbnone\u00bb column_border_style=\u00bbsolid\u00bb delay=\u00bb300&#8243;][nectar_video_lightbox link_style=\u00bbplay_button_2&#8243; nectar_play_button_color=\u00bbDefault-Accent-Color\u00bb image_url=\u00bb890&#8243; hover_effect=\u00bbdefaut\u00bb box_shadow=\u00bbx_large_depth\u00bb border_radius=\u00bbnone\u00bb play_button_size=\u00bbdefault\u00bb video_url=\u00bbhttps:\/\/www.youtube.com\/watch?v=VM3WVvICfz0&#8243;][vc_column_text css=\u00bb.vc_custom_1628701436871{padding-top: 20px !important;}\u00bb]\n<h2>Mit\u00fa 20 a\u00f1os La noche de los jaguares<\/h2>\n<h4>Tiempo de duraci\u00f3n: <span style=\"color: #bbb;\">1:12:35<\/span><\/h4>\n<p>Esta iniciativa de memoria relata por medio de v\u00eddeo el antes, durante y despu\u00e9s de los sucedido el 1 de noviembre de 1998, los or\u00edgenes de esta tierra m\u00edtica y el poder del ser humano para avanzar a pesar de la desgracia, sin olvidar aquellos eres que fueron importantes en el desarrollo social.[\/vc_column_text][\/vc_column_inner][\/vc_row_inner][vc_row_inner column_margin=\u00bbdefault\u00bb text_align=\u00bbleft\u00bb][vc_column_inner enable_animation=\u00bbtrue\u00bb animation=\u00bbfade-in-from-bottom\u00bb column_padding=\u00bbpadding-1-percent\u00bb column_padding_position=\u00bball\u00bb background_color_opacity=\u00bb1&#8243; background_hover_color_opacity=\u00bb1&#8243; column_shadow=\u00bbnone\u00bb column_border_radius=\u00bbnone\u00bb width=\u00bb1\/3&#8243; column_border_width=\u00bbnone\u00bb column_border_style=\u00bbsolid\u00bb][nectar_video_lightbox link_style=\u00bbplay_button_2&#8243; nectar_play_button_color=\u00bbDefault-Accent-Color\u00bb image_url=\u00bb2700&#8243; hover_effect=\u00bbdefaut\u00bb box_shadow=\u00bbx_large_depth\u00bb border_radius=\u00bbnone\u00bb play_button_size=\u00bbdefault\u00bb video_url=\u00bbhttps:\/\/www.youtube.com\/watch?v=7O8qZd1r22k\u00bb][vc_column_text css=\u00bb.vc_custom_1766496201547{padding-top: 20px !important;}\u00bb]\n<h2 class=\"style-scope ytd-watch-metadata\">Somos m\u00e1s que 11. Carlos Alberto Cendales<\/h2>\n<h4>Tiempo de duraci\u00f3n: <span style=\"color: #bbb;\">10:48<\/span><\/h4>\n<p>El Centro Nacional de Memoria Hist\u00f3rica presenta el primer ejercicio de memoria sobre el caso de los diputados del Valle del Cauca, secuestrados y asesinados por las FARC. En esta segunda entrega de la serie documental \u00abSomos m\u00e1s que 11\u00bb, narramos la historia poco contada de una v\u00edctima de este hecho: el subintendente de la Polic\u00eda Nacional Carlos Alberto Cendales Z\u00fa\u00f1iga, quien muri\u00f3 el d\u00eda del asalto a la Asamblea.[\/vc_column_text][\/vc_column_inner][\/vc_row_inner]<div class=\"divider-wrap\"><div style=\"height: 25px;\" class=\"divider\"><\/div><\/div>\r\n    <div class=\"col span_12 section-title text-align-center extra-padding\">\r\n\t\t<h2>V\u00eddeos<\/h2><\/div><div class=\"clear\"><\/div>[vc_row_inner column_margin=\u00bbdefault\u00bb text_align=\u00bbleft\u00bb][vc_column_inner enable_animation=\u00bbtrue\u00bb animation=\u00bbfade-in-from-bottom\u00bb column_padding=\u00bbpadding-1-percent\u00bb column_padding_position=\u00bball\u00bb background_color_opacity=\u00bb1&#8243; background_hover_color_opacity=\u00bb1&#8243; column_shadow=\u00bbnone\u00bb column_border_radius=\u00bbnone\u00bb width=\u00bb1\/3&#8243; column_border_width=\u00bbnone\u00bb column_border_style=\u00bbsolid\u00bb][nectar_video_lightbox link_style=\u00bbplay_button_2&#8243; nectar_play_button_color=\u00bbDefault-Accent-Color\u00bb image_url=\u00bb1003&#8243; hover_effect=\u00bbdefaut\u00bb box_shadow=\u00bbx_large_depth\u00bb border_radius=\u00bbnone\u00bb play_button_size=\u00bbdefault\u00bb video_url=\u00bbhttps:\/\/www.youtube.com\/watch?v=NXTY9sf292E\u00bb][vc_column_text css=\u00bb.vc_custom_1594311202768{padding-top: 20px !important;}\u00bb]\n<h2>\u00abEdificadores de Paz\u00bb<\/h2>\n<h4>Tiempo de duraci\u00f3n: <span style=\"color: #bbb;\">1:00<\/span><\/h4>\n<p>En reconocimiento a todos los polic\u00edas y sus familias, que por m\u00e1s de medio siglo padecieron los vej\u00e1menes del conflicto interno colombiano.[\/vc_column_text][\/vc_column_inner][vc_column_inner enable_animation=\u00bbtrue\u00bb animation=\u00bbfade-in-from-bottom\u00bb column_padding=\u00bbpadding-1-percent\u00bb column_padding_position=\u00bball\u00bb background_color_opacity=\u00bb1&#8243; background_hover_color_opacity=\u00bb1&#8243; column_shadow=\u00bbnone\u00bb column_border_radius=\u00bbnone\u00bb width=\u00bb1\/3&#8243; column_border_width=\u00bbnone\u00bb column_border_style=\u00bbsolid\u00bb delay=\u00bb150&#8243;][nectar_video_lightbox link_style=\u00bbplay_button_2&#8243; nectar_play_button_color=\u00bbDefault-Accent-Color\u00bb image_url=\u00bb1006&#8243; hover_effect=\u00bbdefaut\u00bb box_shadow=\u00bbx_large_depth\u00bb border_radius=\u00bbnone\u00bb play_button_size=\u00bbdefault\u00bb video_url=\u00bbhttps:\/\/www.youtube.com\/watch?v=UW8cXkEy-FE\u00bb][vc_column_text css=\u00bb.vc_custom_1594312222965{margin-top: 5px !important;padding-top: 20px !important;}\u00bb]\n<h2>Susurros de Memoria<\/h2>\n<h4>Tiempo de duraci\u00f3n: <span style=\"color: #bbb;\">2:46<\/span><\/h4>\n<p>Un homenaje a las v\u00edctimas del conflicto armado colombiano, en especial, a aquellas que en su deber constitucional ofrendaron hasta su vida por un mejor pa\u00eds: los polic\u00edas&#8230;[\/vc_column_text][\/vc_column_inner][vc_column_inner enable_animation=\u00bbtrue\u00bb animation=\u00bbfade-in-from-bottom\u00bb column_padding=\u00bbpadding-1-percent\u00bb column_padding_position=\u00bball\u00bb background_color_opacity=\u00bb1&#8243; background_hover_color_opacity=\u00bb1&#8243; column_shadow=\u00bbnone\u00bb column_border_radius=\u00bbnone\u00bb width=\u00bb1\/3&#8243; column_border_width=\u00bbnone\u00bb column_border_style=\u00bbsolid\u00bb delay=\u00bb300&#8243;][nectar_video_lightbox link_style=\u00bbplay_button_2&#8243; nectar_play_button_color=\u00bbDefault-Accent-Color\u00bb image_url=\u00bb1009&#8243; hover_effect=\u00bbdefaut\u00bb box_shadow=\u00bbx_large_depth\u00bb border_radius=\u00bbnone\u00bb play_button_size=\u00bbdefault\u00bb video_url=\u00bbhttps:\/\/www.youtube.com\/watch?v=ETxm39lgaqI\u00bb][vc_column_text css=\u00bb.vc_custom_1594312750607{padding-top: 20px !important;}\u00bb]\n<h2>Polic\u00edas por Siempre<\/h2>\n<h4>Tiempo de duraci\u00f3n: <span style=\"color: #bbb;\">2:36<\/span><\/h4>\n<p>Este v\u00eddeo es un homenaje a los polic\u00edas de Colombia, v\u00edctimas en el conflicto armado interno y sus familias. A ellos, quienes nunca ser\u00e1n olvidados y quienes son y ser\u00e1n recordados como polic\u00edas por siempre.[\/vc_column_text][\/vc_column_inner][\/vc_row_inner][vc_row_inner column_margin=\u00bbdefault\u00bb text_align=\u00bbleft\u00bb][vc_column_inner enable_animation=\u00bbtrue\u00bb animation=\u00bbfade-in-from-bottom\u00bb column_padding=\u00bbpadding-1-percent\u00bb column_padding_position=\u00bball\u00bb background_color_opacity=\u00bb1&#8243; background_hover_color_opacity=\u00bb1&#8243; column_shadow=\u00bbnone\u00bb column_border_radius=\u00bbnone\u00bb width=\u00bb1\/3&#8243; column_border_width=\u00bbnone\u00bb column_border_style=\u00bbsolid\u00bb delay=\u00bb150&#8243;][nectar_video_lightbox link_style=\u00bbplay_button_2&#8243; nectar_play_button_color=\u00bbDefault-Accent-Color\u00bb image_url=\u00bb1288&#8243; hover_effect=\u00bbdefaut\u00bb box_shadow=\u00bbx_large_depth\u00bb border_radius=\u00bbnone\u00bb play_button_size=\u00bbdefault\u00bb video_url=\u00bbhttps:\/\/www.youtube.com\/watch?v=d7rAb2O0JV8&#8243;][vc_column_text css=\u00bb.vc_custom_1596819304984{margin-top: 5px !important;padding-top: 20px !important;}\u00bb]\n<h2>\u00abContra-monumento Fragmentos\u00bb<\/h2>\n<h4>Tiempo de duraci\u00f3n: <span style=\"color: #bbb;\">18:27<\/span><\/h4>\n<p><span class=\"s1 ms-rteThemeFontFace-1\">El contra-monumento &#8216;<strong>Fragmentos<\/strong>&#8216;, concebido por la artista Doris Salcedo, es un espacio de arte y memoria cuyas l\u00e1minas de piso han sido conformadas por las 8.994 armas depuestas por las antiguas FARC, tras la firma del Acuerdo de <\/span><span class=\"s1 ms-rteThemeFontFace-1\">Paz&#8230;<\/span>[\/vc_column_text][\/vc_column_inner][\/vc_row_inner][\/vc_column][\/vc_row][vc_row type=\u00bbin_container\u00bb full_screen_row_position=\u00bbmiddle\u00bb scene_position=\u00bbcenter\u00bb text_color=\u00bbdark\u00bb text_align=\u00bbleft\u00bb overlay_strength=\u00bb0.3&#8243; shape_divider_position=\u00bbbottom\u00bb][vc_column column_padding=\u00bbno-extra-padding\u00bb column_padding_position=\u00bball\u00bb background_color_opacity=\u00bb1&#8243; background_hover_color_opacity=\u00bb1&#8243; column_shadow=\u00bbnone\u00bb column_border_radius=\u00bbnone\u00bb width=\u00bb1\/1&#8243; tablet_text_alignment=\u00bbdefault\u00bb phone_text_alignment=\u00bbdefault\u00bb column_border_width=\u00bbnone\u00bb column_border_style=\u00bbsolid\u00bb][\/vc_column][\/vc_row][vc_row type=\u00bbin_container\u00bb full_screen_row_position=\u00bbmiddle\u00bb scene_position=\u00bbcenter\u00bb text_color=\u00bbdark\u00bb text_align=\u00bbleft\u00bb overlay_strength=\u00bb0.3&#8243; shape_divider_position=\u00bbbottom\u00bb][vc_column column_padding=\u00bbno-extra-padding\u00bb column_padding_position=\u00bball\u00bb background_color_opacity=\u00bb1&#8243; background_hover_color_opacity=\u00bb1&#8243; column_shadow=\u00bbnone\u00bb column_border_radius=\u00bbnone\u00bb width=\u00bb1\/1&#8243; tablet_text_alignment=\u00bbdefault\u00bb phone_text_alignment=\u00bbdefault\u00bb column_border_width=\u00bbnone\u00bb column_border_style=\u00bbsolid\u00bb][\/vc_column][\/vc_row]\n","protected":false},"excerpt":{"rendered":"<p>[vc_row type=\u00bbfull_width_background\u00bb full_screen_row_position=\u00bbmiddle\u00bb bg_color=\u00bb#f2f2f2&#8243; scene_position=\u00bbcenter\u00bb text_color=\u00bbdark\u00bb text_align=\u00bbleft\u00bb top_padding=\u00bb5%\u00bb bottom_padding=\u00bb5%\u00bb id=\u00bbfootage\u00bb row_name=\u00bbAction Footage\u00bb overlay_strength=\u00bb0.3&#8243; shape_divider_position=\u00bbbottom\u00bb][vc_column column_padding=\u00bbno-extra-padding\u00bb column_padding_position=\u00bball\u00bb background_color_opacity=\u00bb1&#8243; background_hover_color_opacity=\u00bb1&#8243; column_shadow=\u00bbnone\u00bb column_border_radius=\u00bbnone\u00bb width=\u00bb1\/1&#8243; tablet_text_alignment=\u00bbdefault\u00bb phone_text_alignment=\u00bbdefault\u00bb column_border_width=\u00bbnone\u00bb column_border_style=\u00bbsolid\u00bb][vc_row_inner column_margin=\u00bbdefault\u00bb text_align=\u00bbleft\u00bb][vc_column_inner enable_animation=\u00bbtrue\u00bb animation=\u00bbfade-in-from-bottom\u00bb column_padding=\u00bbpadding-1-percent\u00bb&#8230;<\/p>\n","protected":false},"author":1,"featured_media":0,"comment_status":"closed","ping_status":"closed","sticky":false,"template":"","format":"standard","meta":[],"categories":[39],"tags":[],"_links":{"self":[{"href":"https:\/\/policia.edu.co\/memoria\/index.php\/wp-json\/wp\/v2\/posts\/877"}],"collection":[{"href":"https:\/\/policia.edu.co\/memoria\/index.php\/wp-json\/wp\/v2\/posts"}],"about":[{"href":"https:\/\/policia.edu.co\/memoria\/index.php\/wp-json\/wp\/v2\/types\/post"}],"author":[{"embeddable":true,"href":"https:\/\/policia.edu.co\/memoria\/index.php\/wp-json\/wp\/v2\/users\/1"}],"replies":[{"embeddable":true,"href":"https:\/\/policia.edu.co\/memoria\/index.php\/wp-json\/wp\/v2\/comments?post=877"}],"version-history":[{"count":40,"href":"https:\/\/policia.edu.co\/memoria\/index.php\/wp-json\/wp\/v2\/posts\/877\/revisions"}],"predecessor-version":[{"id":2704,"href":"https:\/\/policia.edu.co\/memoria\/index.php\/wp-json\/wp\/v2\/posts\/877\/revisions\/2704"}],"wp:attachment":[{"href":"https:\/\/policia.edu.co\/memoria\/index.php\/wp-json\/wp\/v2\/media?parent=877"}],"wp:term":[{"taxonomy":"category","embeddable":true,"href":"https:\/\/policia.edu.co\/memoria\/index.php\/wp-json\/wp\/v2\/categories?post=877"},{"taxonomy":"post_tag","embeddable":true,"href":"https:\/\/policia.edu.co\/memoria\/index.php\/wp-json\/wp\/v2\/tags?post=877"}],"curies":[{"name":"wp","href":"https:\/\/api.w.org\/{rel}","templated":true}]}}